{"id":5849,"date":"2024-01-23T11:33:16","date_gmt":"2024-01-23T10:33:16","guid":{"rendered":"https:\/\/wp.gs-hude-sued.de\/?p=5849"},"modified":"2024-01-23T11:33:16","modified_gmt":"2024-01-23T10:33:16","slug":"%d0%bd%d0%b0%d1%88%d0%b0-%d0%bf%d0%be%d1%87%d0%b0%d1%82%d0%ba%d0%be%d0%b2%d0%b0-%d1%88%d0%ba%d0%be%d0%bb%d0%b0-%d0%bf%d0%b5%d1%80%d0%b5%d1%97%d0%b6%d0%b4%d0%b6%d0%b0%d1%94-%d0%b2-%d0%ba%d0%be%d0%bd","status":"publish","type":"post","link":"https:\/\/gs-hude-sued.de\/uk\/%d0%bd%d0%b0%d1%88%d0%b0-%d0%bf%d0%be%d1%87%d0%b0%d1%82%d0%ba%d0%be%d0%b2%d0%b0-%d1%88%d0%ba%d0%be%d0%bb%d0%b0-%d0%bf%d0%b5%d1%80%d0%b5%d1%97%d0%b6%d0%b4%d0%b6%d0%b0%d1%94-%d0%b2-%d0%ba%d0%be%d0%bd\/","title":{"rendered":"\u041d\u0430\u0448\u0430 \u043f\u043e\u0447\u0430\u0442\u043a\u043e\u0432\u0430 \u0448\u043a\u043e\u043b\u0430 \u043f\u0435\u0440\u0435\u0457\u0436\u0434\u0436\u0430\u0454 \u0432 \u043a\u043e\u043d\u0442\u0435\u0439\u043d\u0435\u0440"},"content":{"rendered":"<p>\u0427\u0435\u0440\u0435\u0437 \u0437\u0430\u0431\u0440\u0443\u0434\u043d\u0435\u043d\u043d\u044f \u0441\u0442\u0435\u043b\u0456 \u0432\u0435\u0440\u0445\u043d\u044c\u043e\u0433\u043e \u043f\u043e\u0432\u0435\u0440\u0445\u0443 \u043d\u0430\u0448\u043e\u0457 \u0448\u043a\u043e\u043b\u0438 \u0442\u0440\u0438\u0432\u0430\u044e\u0442\u044c \u043c\u0430\u0441\u0448\u0442\u0430\u0431\u043d\u0456 \u0440\u0435\u043c\u043e\u043d\u0442\u043d\u0456 \u0440\u043e\u0431\u043e\u0442\u0438. \u0422\u043e\u043c\u0443 \u0441\u0456\u043c \u043a\u043b\u0430\u0441\u0456\u0432 \u043d\u0430\u0448\u043e\u0457 \u0448\u043a\u043e\u043b\u0438 \u043f\u0435\u0440\u0435\u0457\u0445\u0430\u043b\u0438 \u0434\u043e \u043a\u043e\u043d\u0442\u0435\u0439\u043d\u0435\u0440\u0430. \u041a\u043e\u043d\u0442\u0435\u0439\u043d\u0435\u0440 \u043c\u0456\u0441\u0442\u0438\u0442\u044c \u043d\u0430\u0432\u0447\u0430\u043b\u044c\u043d\u0456 \u043a\u043b\u0430\u0441\u0438, \u043a\u0456\u043c\u043d\u0430\u0442\u0438 \u0434\u043b\u044f \u0433\u0440\u0443\u043f\u043e\u0432\u0438\u0445 \u0437\u0430\u043d\u044f\u0442\u044c \u0442\u0430 \u0442\u0443\u0430\u043b\u0435\u0442\u0438 \u0434\u043b\u044f \u0443\u0447\u043d\u0456\u0432. \u041a\u043b\u0430\u0441\u0438 \u0432 \u043a\u043e\u043d\u0442\u0435\u0439\u043d\u0435\u0440\u0456 \u0441\u0432\u0456\u0442\u043b\u0456 \u0442\u0430 \u043e\u0431\u043b\u0430\u0434\u043d\u0430\u043d\u0456 \u043a\u043e\u043d\u0434\u0438\u0446\u0456\u043e\u043d\u0435\u0440\u0430\u043c\u0438. \u0423 \u043a\u043e\u0436\u043d\u043e\u043c\u0443 \u043a\u043b\u0430\u0441\u0456 \u0442\u0430\u043a\u043e\u0436 \u0454 \u043a\u0456\u043c\u043d\u0430\u0442\u0430 \u0434\u043b\u044f \u0433\u0440\u0443\u043f\u043e\u0432\u0438\u0445 \u0437\u0430\u043d\u044f\u0442\u044c, \u044f\u043a\u0443, \u043e\u0434\u043d\u0430\u043a, \u043d\u0435\u043e\u0431\u0445\u0456\u0434\u043d\u043e \u0432\u0438\u043a\u043e\u0440\u0438\u0441\u0442\u043e\u0432\u0443\u0432\u0430\u0442\u0438 \u044f\u043a \u0433\u0430\u0440\u0434\u0435\u0440\u043e\u0431 \u0437 \u043c\u0456\u0440\u043a\u0443\u0432\u0430\u043d\u044c \u043f\u043e\u0436\u0435\u0436\u043d\u043e\u0457 \u0431\u0435\u0437\u043f\u0435\u043a\u0438. \u0423 \u043a\u043e\u0436\u043d\u043e\u043c\u0443 \u043a\u043b\u0430\u0441\u0456 \u0442\u0430\u043a\u043e\u0436 \u0454 \u0446\u0438\u0444\u0440\u043e\u0432\u0430 \u0434\u043e\u0448\u043a\u0430. <\/p>\n\n\n\n<p>\u041f\u043e\u0432\u043d\u0443 \u0441\u0442\u0430\u0442\u0442\u044e \u0432 NWZ \u043c\u043e\u0436\u043d\u0430 \u043f\u0440\u043e\u0447\u0438\u0442\u0430\u0442\u0438 \u0437\u0430 \u043d\u0430\u0441\u0442\u0443\u043f\u043d\u0438\u043c \u043f\u043e\u0441\u0438\u043b\u0430\u043d\u043d\u044f\u043c. <\/p>\n\n\n\n<p><a href=\"https:\/\/www.nwzonline.de\/oldenburg-kreis\/schadstoffe-an-huder-schulen-grundschule-hude-sued-zieht-in-den-container_a_4,0,3983589865.html\">https:\/\/www.nwzonline.de\/oldenburg-kreis\/schadstoffe-an-huder-schulen-grundschule-hude-sued-zieht-in-den-container_a_4,0,3983589865.html<\/a><\/p>","protected":false},"excerpt":{"rendered":"<p>Wegen einer Schadstoffbelastung in der Decke des Obergeschosses unserer Schule, stehen umfangreiche Sanierungsarbeiten an. Sieben Klassen unserer Schule sind deshalb in einen Container gezogen. Der Container verf\u00fcgt \u00fcber Klassenr\u00e4ume, Gruppenr\u00e4ume und Toiletten f\u00fcr die Sch\u00fclerinnen und Sch\u00fcler. Die Klassenr\u00e4ume im Container sind hell und mit einer Klimaanlage ausgestattet. Au\u00dferdem hat jeder Klassenraum einen Gruppenraum, der [&hellip;]<\/p>\n","protected":false},"author":2,"featured_media":0,"comment_status":"closed","ping_status":"closed","sticky":false,"template":"","format":"standard","meta":{"_acf_changed":false,"_et_pb_use_builder":"","_et_pb_old_content":"","_et_gb_content_width":"","footnotes":""},"categories":[1],"tags":[],"class_list":["post-5849","post","type-post","status-publish","format-standard","hentry","category-uncategorized"],"acf":[],"yoast_head":"<!-- This site is optimized with the Yoast SEO Premium plugin v26.0 (Yoast SEO v27.0) - https:\/\/yoast.com\/product\/yoast-seo-premium-wordpress\/ -->\n<title>Unsere Grundschule zieht in den Container - Grundschule Hude S\u00fcd<\/title>\n<meta name=\"robots\" content=\"index, follow, max-snippet:-1, max-image-preview:large, max-video-preview:-1\" \/>\n<link rel=\"canonical\" href=\"https:\/\/gs-hude-sued.de\/uk\/\u043d\u0430\u0448\u0430-\u043f\u043e\u0447\u0430\u0442\u043a\u043e\u0432\u0430-\u0448\u043a\u043e\u043b\u0430-\u043f\u0435\u0440\u0435\u0457\u0436\u0434\u0436\u0430\u0454-\u0432-\u043a\u043e\u043d\/\" \/>\n<meta property=\"og:locale\" content=\"uk_UA\" \/>\n<meta property=\"og:type\" content=\"article\" \/>\n<meta property=\"og:title\" content=\"Unsere Grundschule zieht in den Container\" \/>\n<meta property=\"og:description\" content=\"Wegen einer Schadstoffbelastung in der Decke des Obergeschosses unserer Schule, stehen umfangreiche Sanierungsarbeiten an. Sieben Klassen unserer Schule sind deshalb in einen Container gezogen. Der Container verf\u00fcgt \u00fcber Klassenr\u00e4ume, Gruppenr\u00e4ume und Toiletten f\u00fcr die Sch\u00fclerinnen und Sch\u00fcler. Die Klassenr\u00e4ume im Container sind hell und mit einer Klimaanlage ausgestattet. Au\u00dferdem hat jeder Klassenraum einen Gruppenraum, der [&hellip;]\" \/>\n<meta property=\"og:url\" content=\"https:\/\/gs-hude-sued.de\/uk\/\u043d\u0430\u0448\u0430-\u043f\u043e\u0447\u0430\u0442\u043a\u043e\u0432\u0430-\u0448\u043a\u043e\u043b\u0430-\u043f\u0435\u0440\u0435\u0457\u0436\u0434\u0436\u0430\u0454-\u0432-\u043a\u043e\u043d\/\" \/>\n<meta property=\"og:site_name\" content=\"Grundschule Hude S\u00fcd\" \/>\n<meta property=\"article:published_time\" content=\"2024-01-23T10:33:16+00:00\" \/>\n<meta name=\"author\" content=\"Gundschule Hude S\u00fcd\" \/>\n<meta name=\"twitter:card\" content=\"summary_large_image\" \/>\n<meta name=\"twitter:label1\" content=\"\u041d\u0430\u043f\u0438\u0441\u0430\u043d\u043e\" \/>\n\t<meta name=\"twitter:data1\" content=\"Gundschule Hude S\u00fcd\" \/>\n\t<meta name=\"twitter:label2\" content=\"\u041f\u0440\u0438\u0431\u043b. \u0447\u0430\u0441 \u0447\u0438\u0442\u0430\u043d\u043d\u044f\" \/>\n\t<meta name=\"twitter:data2\" content=\"1 \u0445\u0432\u0438\u043b\u0438\u043d\u0430\" \/>\n<script type=\"application\/ld+json\" class=\"yoast-schema-graph\">{\"@context\":\"https:\/\/schema.org\",\"@graph\":[{\"@type\":\"Article\",\"@id\":\"https:\/\/gs-hude-sued.de\/unsere-grundschule-zieht-in-den-container\/#article\",\"isPartOf\":{\"@id\":\"https:\/\/gs-hude-sued.de\/unsere-grundschule-zieht-in-den-container\/\"},\"author\":{\"name\":\"Gundschule Hude S\u00fcd\",\"@id\":\"https:\/\/gs-hude-sued.de\/#\/schema\/person\/a4322c6efb545b2385d4f2e1bdbd1b15\"},\"headline\":\"Unsere Grundschule zieht in den Container\",\"datePublished\":\"2024-01-23T10:33:16+00:00\",\"mainEntityOfPage\":{\"@id\":\"https:\/\/gs-hude-sued.de\/unsere-grundschule-zieht-in-den-container\/\"},\"wordCount\":108,\"articleSection\":[\"Uncategorized\"],\"inLanguage\":\"uk\"},{\"@type\":\"WebPage\",\"@id\":\"https:\/\/gs-hude-sued.de\/unsere-grundschule-zieht-in-den-container\/\",\"url\":\"https:\/\/gs-hude-sued.de\/unsere-grundschule-zieht-in-den-container\/\",\"name\":\"Unsere Grundschule zieht in den Container - Grundschule Hude S\u00fcd\",\"isPartOf\":{\"@id\":\"https:\/\/gs-hude-sued.de\/#website\"},\"datePublished\":\"2024-01-23T10:33:16+00:00\",\"author\":{\"@id\":\"https:\/\/gs-hude-sued.de\/#\/schema\/person\/a4322c6efb545b2385d4f2e1bdbd1b15\"},\"breadcrumb\":{\"@id\":\"https:\/\/gs-hude-sued.de\/unsere-grundschule-zieht-in-den-container\/#breadcrumb\"},\"inLanguage\":\"uk\",\"potentialAction\":[{\"@type\":\"ReadAction\",\"target\":[\"https:\/\/gs-hude-sued.de\/unsere-grundschule-zieht-in-den-container\/\"]}]},{\"@type\":\"BreadcrumbList\",\"@id\":\"https:\/\/gs-hude-sued.de\/unsere-grundschule-zieht-in-den-container\/#breadcrumb\",\"itemListElement\":[{\"@type\":\"ListItem\",\"position\":1,\"name\":\"Startseite\",\"item\":\"https:\/\/gs-hude-sued.de\/\"},{\"@type\":\"ListItem\",\"position\":2,\"name\":\"Unsere Grundschule zieht in den Container\"}]},{\"@type\":\"WebSite\",\"@id\":\"https:\/\/gs-hude-sued.de\/#website\",\"url\":\"https:\/\/gs-hude-sued.de\/\",\"name\":\"Grundschule Hude S\u00fcd\",\"description\":\"Grundschule Hude-S\u00fcd \u2013 Miteinander stark f\u00fcr die Zukunft.\",\"potentialAction\":[{\"@type\":\"SearchAction\",\"target\":{\"@type\":\"EntryPoint\",\"urlTemplate\":\"https:\/\/gs-hude-sued.de\/?s={search_term_string}\"},\"query-input\":{\"@type\":\"PropertyValueSpecification\",\"valueRequired\":true,\"valueName\":\"search_term_string\"}}],\"inLanguage\":\"uk\"},{\"@type\":\"Person\",\"@id\":\"https:\/\/gs-hude-sued.de\/#\/schema\/person\/a4322c6efb545b2385d4f2e1bdbd1b15\",\"name\":\"Gundschule Hude S\u00fcd\",\"url\":\"https:\/\/gs-hude-sued.de\/uk\/author\/gundschule\/\"}]}<\/script>\n<!-- \/ Yoast SEO Premium plugin. -->","yoast_head_json":{"title":"\u041d\u0430\u0448\u0430 \u043f\u043e\u0447\u0430\u0442\u043a\u043e\u0432\u0430 \u0448\u043a\u043e\u043b\u0430 \u043f\u0435\u0440\u0435\u0457\u0436\u0434\u0436\u0430\u0454 \u0434\u043e \u043a\u043e\u043d\u0442\u0435\u0439\u043d\u0435\u0440\u0430 - \u041f\u043e\u0447\u0430\u0442\u043a\u043e\u0432\u0430 \u0448\u043a\u043e\u043b\u0430 Hude South","robots":{"index":"index","follow":"follow","max-snippet":"max-snippet:-1","max-image-preview":"max-image-preview:large","max-video-preview":"max-video-preview:-1"},"canonical":"https:\/\/gs-hude-sued.de\/uk\/\u043d\u0430\u0448\u0430-\u043f\u043e\u0447\u0430\u0442\u043a\u043e\u0432\u0430-\u0448\u043a\u043e\u043b\u0430-\u043f\u0435\u0440\u0435\u0457\u0436\u0434\u0436\u0430\u0454-\u0432-\u043a\u043e\u043d\/","og_locale":"uk_UA","og_type":"article","og_title":"Unsere Grundschule zieht in den Container","og_description":"Wegen einer Schadstoffbelastung in der Decke des Obergeschosses unserer Schule, stehen umfangreiche Sanierungsarbeiten an. Sieben Klassen unserer Schule sind deshalb in einen Container gezogen. Der Container verf\u00fcgt \u00fcber Klassenr\u00e4ume, Gruppenr\u00e4ume und Toiletten f\u00fcr die Sch\u00fclerinnen und Sch\u00fcler. Die Klassenr\u00e4ume im Container sind hell und mit einer Klimaanlage ausgestattet. Au\u00dferdem hat jeder Klassenraum einen Gruppenraum, der [&hellip;]","og_url":"https:\/\/gs-hude-sued.de\/uk\/\u043d\u0430\u0448\u0430-\u043f\u043e\u0447\u0430\u0442\u043a\u043e\u0432\u0430-\u0448\u043a\u043e\u043b\u0430-\u043f\u0435\u0440\u0435\u0457\u0436\u0434\u0436\u0430\u0454-\u0432-\u043a\u043e\u043d\/","og_site_name":"Grundschule Hude S\u00fcd","article_published_time":"2024-01-23T10:33:16+00:00","author":"Gundschule Hude S\u00fcd","twitter_card":"summary_large_image","twitter_misc":{"\u041d\u0430\u043f\u0438\u0441\u0430\u043d\u043e":"Gundschule Hude S\u00fcd","\u041f\u0440\u0438\u0431\u043b. \u0447\u0430\u0441 \u0447\u0438\u0442\u0430\u043d\u043d\u044f":"1 \u0445\u0432\u0438\u043b\u0438\u043d\u0430"},"schema":{"@context":"https:\/\/schema.org","@graph":[{"@type":"Article","@id":"https:\/\/gs-hude-sued.de\/unsere-grundschule-zieht-in-den-container\/#article","isPartOf":{"@id":"https:\/\/gs-hude-sued.de\/unsere-grundschule-zieht-in-den-container\/"},"author":{"name":"Gundschule Hude S\u00fcd","@id":"https:\/\/gs-hude-sued.de\/#\/schema\/person\/a4322c6efb545b2385d4f2e1bdbd1b15"},"headline":"Unsere Grundschule zieht in den Container","datePublished":"2024-01-23T10:33:16+00:00","mainEntityOfPage":{"@id":"https:\/\/gs-hude-sued.de\/unsere-grundschule-zieht-in-den-container\/"},"wordCount":108,"articleSection":["Uncategorized"],"inLanguage":"uk"},{"@type":"WebPage","@id":"https:\/\/gs-hude-sued.de\/unsere-grundschule-zieht-in-den-container\/","url":"https:\/\/gs-hude-sued.de\/unsere-grundschule-zieht-in-den-container\/","name":"\u041d\u0430\u0448\u0430 \u043f\u043e\u0447\u0430\u0442\u043a\u043e\u0432\u0430 \u0448\u043a\u043e\u043b\u0430 \u043f\u0435\u0440\u0435\u0457\u0436\u0434\u0436\u0430\u0454 \u0434\u043e \u043a\u043e\u043d\u0442\u0435\u0439\u043d\u0435\u0440\u0430 - \u041f\u043e\u0447\u0430\u0442\u043a\u043e\u0432\u0430 \u0448\u043a\u043e\u043b\u0430 Hude South","isPartOf":{"@id":"https:\/\/gs-hude-sued.de\/#website"},"datePublished":"2024-01-23T10:33:16+00:00","author":{"@id":"https:\/\/gs-hude-sued.de\/#\/schema\/person\/a4322c6efb545b2385d4f2e1bdbd1b15"},"breadcrumb":{"@id":"https:\/\/gs-hude-sued.de\/unsere-grundschule-zieht-in-den-container\/#breadcrumb"},"inLanguage":"uk","potentialAction":[{"@type":"ReadAction","target":["https:\/\/gs-hude-sued.de\/unsere-grundschule-zieht-in-den-container\/"]}]},{"@type":"BreadcrumbList","@id":"https:\/\/gs-hude-sued.de\/unsere-grundschule-zieht-in-den-container\/#breadcrumb","itemListElement":[{"@type":"ListItem","position":1,"name":"Startseite","item":"https:\/\/gs-hude-sued.de\/"},{"@type":"ListItem","position":2,"name":"Unsere Grundschule zieht in den Container"}]},{"@type":"WebSite","@id":"https:\/\/gs-hude-sued.de\/#website","url":"https:\/\/gs-hude-sued.de\/","name":"\u041f\u043e\u0447\u0430\u0442\u043a\u043e\u0432\u0430 \u0448\u043a\u043e\u043b\u0430 \u0413\u0443\u0434\u0435 \u0421\u0430\u0443\u0442","description":"\u041f\u043e\u0447\u0430\u0442\u043a\u043e\u0432\u0430 \u0448\u043a\u043e\u043b\u0430 \u0425\u0443\u0434\u0435-\u0417\u044e\u0434 \u2013 \u0421\u0438\u043b\u044c\u043d\u0456 \u0440\u0430\u0437\u043e\u043c \u0437\u0430\u0440\u0430\u0434\u0438 \u043c\u0430\u0439\u0431\u0443\u0442\u043d\u044c\u043e\u0433\u043e.","potentialAction":[{"@type":"SearchAction","target":{"@type":"EntryPoint","urlTemplate":"https:\/\/gs-hude-sued.de\/?s={search_term_string}"},"query-input":{"@type":"PropertyValueSpecification","valueRequired":true,"valueName":"search_term_string"}}],"inLanguage":"uk"},{"@type":"Person","@id":"https:\/\/gs-hude-sued.de\/#\/schema\/person\/a4322c6efb545b2385d4f2e1bdbd1b15","name":"\u041f\u043e\u0447\u0430\u0442\u043a\u043e\u0432\u0430 \u0448\u043a\u043e\u043b\u0430 \u0413\u0443\u0434\u0435 \u0421\u0430\u0443\u0442","url":"https:\/\/gs-hude-sued.de\/uk\/author\/gundschule\/"}]}},"_links":{"self":[{"href":"https:\/\/gs-hude-sued.de\/uk\/wp-json\/wp\/v2\/posts\/5849","targetHints":{"allow":["GET"]}}],"collection":[{"href":"https:\/\/gs-hude-sued.de\/uk\/wp-json\/wp\/v2\/posts"}],"about":[{"href":"https:\/\/gs-hude-sued.de\/uk\/wp-json\/wp\/v2\/types\/post"}],"author":[{"embeddable":true,"href":"https:\/\/gs-hude-sued.de\/uk\/wp-json\/wp\/v2\/users\/2"}],"replies":[{"embeddable":true,"href":"https:\/\/gs-hude-sued.de\/uk\/wp-json\/wp\/v2\/comments?post=5849"}],"version-history":[{"count":0,"href":"https:\/\/gs-hude-sued.de\/uk\/wp-json\/wp\/v2\/posts\/5849\/revisions"}],"wp:attachment":[{"href":"https:\/\/gs-hude-sued.de\/uk\/wp-json\/wp\/v2\/media?parent=5849"}],"wp:term":[{"taxonomy":"category","embeddable":true,"href":"https:\/\/gs-hude-sued.de\/uk\/wp-json\/wp\/v2\/categories?post=5849"},{"taxonomy":"post_tag","embeddable":true,"href":"https:\/\/gs-hude-sued.de\/uk\/wp-json\/wp\/v2\/tags?post=5849"}],"curies":[{"name":"\u0412\u041f","href":"https:\/\/api.w.org\/{rel}","templated":true}]}}