{"id":5754,"date":"2023-03-10T13:21:33","date_gmt":"2023-03-10T12:21:33","guid":{"rendered":"https:\/\/wp.gs-hude-sued.de\/?p=5754"},"modified":"2025-10-04T08:53:34","modified_gmt":"2025-10-04T06:53:34","slug":"yeni-tavuk-kuemesi","status":"publish","type":"post","link":"https:\/\/gs-hude-sued.de\/tr\/yeni-tavuk-kuemesi\/","title":{"rendered":"Yeni tavuk k\u00fcmesi"},"content":{"rendered":"<p>[et_pb_section fb_built=&#8220;1&#8243; _builder_version=&#8220;4.16&#8243; global_colors_info=&#8220;{}&#8220;][et_pb_row _builder_version=&#8220;4.16&#8243; background_size=&#8220;initial&#8220; background_position=&#8220;top_left&#8220; background_repeat=&#8220;repeat&#8220; global_colors_info=&#8220;{}&#8220;][et_pb_column type=&#8220;4_4&#8243; _builder_version=&#8220;4.16&#8243; custom_padding=&#8220;|||&#8220; global_colors_info=&#8220;{}&#8220; custom_padding__hover=&#8220;|||&#8220;][et_pb_text _builder_version=&#8220;4.16&#8243; background_size=&#8220;initial&#8220; background_position=&#8220;top_left&#8220; background_repeat=&#8220;repeat&#8220; global_colors_info=&#8220;{}&#8220;]<!-- divi:paragraph --><\/p>\n<p>Der neue H\u00fchnerstall ist so gut wie fertig. Nach den Osterferien k\u00f6nnen die neuen H\u00fchner einziehen. Darauf freuen wir uns! Au\u00dferdem beteiligt sich k\u00fcnftig der Kindergarten St. Marien an unserem Projekt. Auch dar\u00fcber freuen wir uns. Wir bedanken uns bei den Handwerkern f\u00fcr ihre Unterst\u00fctzung.<\/p>\n<p><!-- \/divi:paragraph --><!-- divi:image {\"id\":5757,\"sizeSlug\":\"large\",\"linkDestination\":\"none\",\"align\":\"center\"} --><\/p>\n<figure class=\"wp-block-image aligncenter size-large\"><\/figure>\n<p><!-- \/divi:image --><!-- divi:image {\"id\":5756,\"sizeSlug\":\"large\",\"linkDestination\":\"none\",\"align\":\"center\"} --><\/p>\n<figure class=\"wp-block-image aligncenter size-large\"><\/figure>\n<p><!-- \/divi:image --><!-- divi:image {\"id\":5755,\"sizeSlug\":\"large\",\"linkDestination\":\"none\",\"align\":\"center\"} --><\/p>\n<figure class=\"wp-block-image aligncenter size-large\"><\/figure>\n<p><!-- \/divi:image -->[\/et_pb_text][\/et_pb_column][\/et_pb_row][et_pb_row _builder_version=&#8220;4.27.4&#8243; _module_preset=&#8220;default&#8220;][et_pb_column _builder_version=&#8220;4.27.4&#8243; _module_preset=&#8220;default&#8220; type=&#8220;4_4&#8243;][et_pb_text _builder_version=&#8220;4.27.4&#8243; _module_preset=&#8220;default&#8220; hover_enabled=&#8220;0&#8243; sticky_enabled=&#8220;0&#8243;]<\/p>\n<h2>Galerie<\/h2>\n<p>[\/et_pb_text][et_pb_gallery _builder_version=&#8220;4.27.4&#8243; _module_preset=&#8220;default&#8220; gallery_ids=&#8220;5757,5756,5755&#8243; hover_enabled=&#8220;0&#8243; sticky_enabled=&#8220;0&#8243;][\/et_pb_gallery][\/et_pb_column][\/et_pb_row][\/et_pb_section]<\/p>\n","protected":false},"excerpt":{"rendered":"<p>Der neue H\u00fchnerstall ist so gut wie fertig. Nach den Osterferien k\u00f6nnen die neuen H\u00fchner einziehen. Darauf freuen wir uns! Au\u00dferdem beteiligt sich k\u00fcnftig der Kindergarten St. Marien an unserem Projekt. Auch dar\u00fcber freuen wir uns. Wir bedanken uns bei den Handwerkern f\u00fcr ihre Unterst\u00fctzung. Galerie<\/p>","protected":false},"author":2,"featured_media":5755,"comment_status":"closed","ping_status":"closed","sticky":false,"template":"","format":"standard","meta":{"_acf_changed":false,"_et_pb_use_builder":"on","_et_pb_old_content":"<!-- wp:paragraph -->\n<p>Der neue H\u00fchnerstall ist so gut wie fertig. Nach den Osterferien k\u00f6nnen die neuen H\u00fchner einziehen. Darauf freuen wir uns! Au\u00dferdem beteiligt sich k\u00fcnftig der Kindergarten St. Marien an unserem Projekt. Auch dar\u00fcber freuen wir uns. Wir bedanken uns bei den Handwerkern f\u00fcr ihre Unterst\u00fctzung.<\/p>\n<!-- \/wp:paragraph -->\n\n<!-- wp:image {\"id\":5757,\"sizeSlug\":\"large\",\"linkDestination\":\"none\",\"align\":\"center\"} -->\n<figure class=\"wp-block-image aligncenter size-large\"><img src=\"https:\/\/gs-hude-sued.de\/wp-content\/uploads\/2023\/03\/IMG_6082-scaled-1-1024x768.jpg\" alt=\"\" class=\"wp-image-5757\"\/><\/figure>\n<!-- \/wp:image -->\n\n<!-- wp:image {\"id\":5756,\"sizeSlug\":\"large\",\"linkDestination\":\"none\",\"align\":\"center\"} -->\n<figure class=\"wp-block-image aligncenter size-large\"><img src=\"https:\/\/gs-hude-sued.de\/wp-content\/uploads\/2023\/03\/IMG_6080-scaled-1-1024x768.jpg\" alt=\"\" class=\"wp-image-5756\"\/><\/figure>\n<!-- \/wp:image -->\n\n<!-- wp:image {\"id\":5755,\"sizeSlug\":\"large\",\"linkDestination\":\"none\",\"align\":\"center\"} -->\n<figure class=\"wp-block-image aligncenter size-large\"><img src=\"https:\/\/gs-hude-sued.de\/wp-content\/uploads\/2023\/03\/IMG_6081-scaled-1-1024x768.jpg\" alt=\"\" class=\"wp-image-5755\"\/><\/figure>\n<!-- \/wp:image -->","_et_gb_content_width":"","footnotes":""},"categories":[1],"tags":[],"class_list":["post-5754","post","type-post","status-publish","format-standard","has-post-thumbnail","hentry","category-uncategorized"],"acf":[],"yoast_head":"<!-- This site is optimized with the Yoast SEO Premium plugin v26.0 (Yoast SEO v27.0) - https:\/\/yoast.com\/product\/yoast-seo-premium-wordpress\/ -->\n<title>Neuer H\u00fchnerstall - Grundschule Hude S\u00fcd<\/title>\n<meta name=\"robots\" content=\"index, follow, max-snippet:-1, max-image-preview:large, max-video-preview:-1\" \/>\n<link rel=\"canonical\" href=\"https:\/\/gs-hude-sued.de\/tr\/yeni-tavuk-kuemesi\/\" \/>\n<meta property=\"og:locale\" content=\"tr_TR\" \/>\n<meta property=\"og:type\" content=\"article\" \/>\n<meta property=\"og:title\" content=\"Neuer H\u00fchnerstall\" \/>\n<meta property=\"og:description\" content=\"Der neue H\u00fchnerstall ist so gut wie fertig. Nach den Osterferien k\u00f6nnen die neuen H\u00fchner einziehen. Darauf freuen wir uns! Au\u00dferdem beteiligt sich k\u00fcnftig der Kindergarten St. Marien an unserem Projekt. Auch dar\u00fcber freuen wir uns. Wir bedanken uns bei den Handwerkern f\u00fcr ihre Unterst\u00fctzung. Galerie\" \/>\n<meta property=\"og:url\" content=\"https:\/\/gs-hude-sued.de\/tr\/yeni-tavuk-kuemesi\/\" \/>\n<meta property=\"og:site_name\" content=\"Grundschule Hude S\u00fcd\" \/>\n<meta property=\"article:published_time\" content=\"2023-03-10T12:21:33+00:00\" \/>\n<meta property=\"article:modified_time\" content=\"2025-10-04T06:53:34+00:00\" \/>\n<meta property=\"og:image\" content=\"https:\/\/gs-hude-sued.de\/wp-content\/uploads\/2023\/03\/IMG_6081-scaled-1.jpg\" \/>\n\t<meta property=\"og:image:width\" content=\"2560\" \/>\n\t<meta property=\"og:image:height\" content=\"1920\" \/>\n\t<meta property=\"og:image:type\" content=\"image\/jpeg\" \/>\n<meta name=\"author\" content=\"Gundschule Hude S\u00fcd\" \/>\n<meta name=\"twitter:card\" content=\"summary_large_image\" \/>\n<meta name=\"twitter:label1\" content=\"Yazan:\" \/>\n\t<meta name=\"twitter:data1\" content=\"Gundschule Hude S\u00fcd\" \/>\n\t<meta name=\"twitter:label2\" content=\"Tahmini okuma s\u00fcresi\" \/>\n\t<meta name=\"twitter:data2\" content=\"2 dakika\" \/>\n<script type=\"application\/ld+json\" class=\"yoast-schema-graph\">{\"@context\":\"https:\/\/schema.org\",\"@graph\":[{\"@type\":\"Article\",\"@id\":\"https:\/\/gs-hude-sued.de\/neuer-huehnerstall\/#article\",\"isPartOf\":{\"@id\":\"https:\/\/gs-hude-sued.de\/neuer-huehnerstall\/\"},\"author\":{\"name\":\"Gundschule Hude S\u00fcd\",\"@id\":\"https:\/\/gs-hude-sued.de\/#\/schema\/person\/a4322c6efb545b2385d4f2e1bdbd1b15\"},\"headline\":\"Neuer H\u00fchnerstall\",\"datePublished\":\"2023-03-10T12:21:33+00:00\",\"dateModified\":\"2025-10-04T06:53:34+00:00\",\"mainEntityOfPage\":{\"@id\":\"https:\/\/gs-hude-sued.de\/neuer-huehnerstall\/\"},\"wordCount\":184,\"image\":{\"@id\":\"https:\/\/gs-hude-sued.de\/neuer-huehnerstall\/#primaryimage\"},\"thumbnailUrl\":\"https:\/\/gs-hude-sued.de\/wp-content\/uploads\/2023\/03\/IMG_6081-scaled-1.jpg\",\"articleSection\":[\"Uncategorized\"],\"inLanguage\":\"tr\"},{\"@type\":\"WebPage\",\"@id\":\"https:\/\/gs-hude-sued.de\/neuer-huehnerstall\/\",\"url\":\"https:\/\/gs-hude-sued.de\/neuer-huehnerstall\/\",\"name\":\"Neuer H\u00fchnerstall - Grundschule Hude S\u00fcd\",\"isPartOf\":{\"@id\":\"https:\/\/gs-hude-sued.de\/#website\"},\"primaryImageOfPage\":{\"@id\":\"https:\/\/gs-hude-sued.de\/neuer-huehnerstall\/#primaryimage\"},\"image\":{\"@id\":\"https:\/\/gs-hude-sued.de\/neuer-huehnerstall\/#primaryimage\"},\"thumbnailUrl\":\"https:\/\/gs-hude-sued.de\/wp-content\/uploads\/2023\/03\/IMG_6081-scaled-1.jpg\",\"datePublished\":\"2023-03-10T12:21:33+00:00\",\"dateModified\":\"2025-10-04T06:53:34+00:00\",\"author\":{\"@id\":\"https:\/\/gs-hude-sued.de\/#\/schema\/person\/a4322c6efb545b2385d4f2e1bdbd1b15\"},\"breadcrumb\":{\"@id\":\"https:\/\/gs-hude-sued.de\/neuer-huehnerstall\/#breadcrumb\"},\"inLanguage\":\"tr\",\"potentialAction\":[{\"@type\":\"ReadAction\",\"target\":[\"https:\/\/gs-hude-sued.de\/neuer-huehnerstall\/\"]}]},{\"@type\":\"ImageObject\",\"inLanguage\":\"tr\",\"@id\":\"https:\/\/gs-hude-sued.de\/neuer-huehnerstall\/#primaryimage\",\"url\":\"https:\/\/gs-hude-sued.de\/wp-content\/uploads\/2023\/03\/IMG_6081-scaled-1.jpg\",\"contentUrl\":\"https:\/\/gs-hude-sued.de\/wp-content\/uploads\/2023\/03\/IMG_6081-scaled-1.jpg\",\"width\":2560,\"height\":1920,\"caption\":\"Der neue H\u00fchnerstall ist fast fertig und wird ein wichtiger Bestandteil des Schulprojekts mit dem Kindergarten St. Marien. Die Vorfreude auf die H\u00fchner ist gro\u00df.\"},{\"@type\":\"BreadcrumbList\",\"@id\":\"https:\/\/gs-hude-sued.de\/neuer-huehnerstall\/#breadcrumb\",\"itemListElement\":[{\"@type\":\"ListItem\",\"position\":1,\"name\":\"Startseite\",\"item\":\"https:\/\/gs-hude-sued.de\/\"},{\"@type\":\"ListItem\",\"position\":2,\"name\":\"Neuer H\u00fchnerstall\"}]},{\"@type\":\"WebSite\",\"@id\":\"https:\/\/gs-hude-sued.de\/#website\",\"url\":\"https:\/\/gs-hude-sued.de\/\",\"name\":\"Grundschule Hude S\u00fcd\",\"description\":\"Grundschule Hude-S\u00fcd \u2013 Miteinander stark f\u00fcr die Zukunft.\",\"potentialAction\":[{\"@type\":\"SearchAction\",\"target\":{\"@type\":\"EntryPoint\",\"urlTemplate\":\"https:\/\/gs-hude-sued.de\/?s={search_term_string}\"},\"query-input\":{\"@type\":\"PropertyValueSpecification\",\"valueRequired\":true,\"valueName\":\"search_term_string\"}}],\"inLanguage\":\"tr\"},{\"@type\":\"Person\",\"@id\":\"https:\/\/gs-hude-sued.de\/#\/schema\/person\/a4322c6efb545b2385d4f2e1bdbd1b15\",\"name\":\"Gundschule Hude S\u00fcd\",\"url\":\"https:\/\/gs-hude-sued.de\/tr\/author\/gundschule\/\"}]}<\/script>\n<!-- \/ Yoast SEO Premium plugin. -->","yoast_head_json":{"title":"Yeni tavuk k\u00fcmesi - Hude South \u0130lkokulu","robots":{"index":"index","follow":"follow","max-snippet":"max-snippet:-1","max-image-preview":"max-image-preview:large","max-video-preview":"max-video-preview:-1"},"canonical":"https:\/\/gs-hude-sued.de\/tr\/yeni-tavuk-kuemesi\/","og_locale":"tr_TR","og_type":"article","og_title":"Neuer H\u00fchnerstall","og_description":"Der neue H\u00fchnerstall ist so gut wie fertig. Nach den Osterferien k\u00f6nnen die neuen H\u00fchner einziehen. Darauf freuen wir uns! Au\u00dferdem beteiligt sich k\u00fcnftig der Kindergarten St. Marien an unserem Projekt. Auch dar\u00fcber freuen wir uns. Wir bedanken uns bei den Handwerkern f\u00fcr ihre Unterst\u00fctzung. Galerie","og_url":"https:\/\/gs-hude-sued.de\/tr\/yeni-tavuk-kuemesi\/","og_site_name":"Grundschule Hude S\u00fcd","article_published_time":"2023-03-10T12:21:33+00:00","article_modified_time":"2025-10-04T06:53:34+00:00","og_image":[{"width":2560,"height":1920,"url":"https:\/\/gs-hude-sued.de\/wp-content\/uploads\/2023\/03\/IMG_6081-scaled-1.jpg","type":"image\/jpeg"}],"author":"Gundschule Hude S\u00fcd","twitter_card":"summary_large_image","twitter_misc":{"Yazan:":"Gundschule Hude S\u00fcd","Tahmini okuma s\u00fcresi":"2 dakika"},"schema":{"@context":"https:\/\/schema.org","@graph":[{"@type":"Article","@id":"https:\/\/gs-hude-sued.de\/neuer-huehnerstall\/#article","isPartOf":{"@id":"https:\/\/gs-hude-sued.de\/neuer-huehnerstall\/"},"author":{"name":"Gundschule Hude S\u00fcd","@id":"https:\/\/gs-hude-sued.de\/#\/schema\/person\/a4322c6efb545b2385d4f2e1bdbd1b15"},"headline":"Neuer H\u00fchnerstall","datePublished":"2023-03-10T12:21:33+00:00","dateModified":"2025-10-04T06:53:34+00:00","mainEntityOfPage":{"@id":"https:\/\/gs-hude-sued.de\/neuer-huehnerstall\/"},"wordCount":184,"image":{"@id":"https:\/\/gs-hude-sued.de\/neuer-huehnerstall\/#primaryimage"},"thumbnailUrl":"https:\/\/gs-hude-sued.de\/wp-content\/uploads\/2023\/03\/IMG_6081-scaled-1.jpg","articleSection":["Uncategorized"],"inLanguage":"tr"},{"@type":"WebPage","@id":"https:\/\/gs-hude-sued.de\/neuer-huehnerstall\/","url":"https:\/\/gs-hude-sued.de\/neuer-huehnerstall\/","name":"Yeni tavuk k\u00fcmesi - Hude South \u0130lkokulu","isPartOf":{"@id":"https:\/\/gs-hude-sued.de\/#website"},"primaryImageOfPage":{"@id":"https:\/\/gs-hude-sued.de\/neuer-huehnerstall\/#primaryimage"},"image":{"@id":"https:\/\/gs-hude-sued.de\/neuer-huehnerstall\/#primaryimage"},"thumbnailUrl":"https:\/\/gs-hude-sued.de\/wp-content\/uploads\/2023\/03\/IMG_6081-scaled-1.jpg","datePublished":"2023-03-10T12:21:33+00:00","dateModified":"2025-10-04T06:53:34+00:00","author":{"@id":"https:\/\/gs-hude-sued.de\/#\/schema\/person\/a4322c6efb545b2385d4f2e1bdbd1b15"},"breadcrumb":{"@id":"https:\/\/gs-hude-sued.de\/neuer-huehnerstall\/#breadcrumb"},"inLanguage":"tr","potentialAction":[{"@type":"ReadAction","target":["https:\/\/gs-hude-sued.de\/neuer-huehnerstall\/"]}]},{"@type":"ImageObject","inLanguage":"tr","@id":"https:\/\/gs-hude-sued.de\/neuer-huehnerstall\/#primaryimage","url":"https:\/\/gs-hude-sued.de\/wp-content\/uploads\/2023\/03\/IMG_6081-scaled-1.jpg","contentUrl":"https:\/\/gs-hude-sued.de\/wp-content\/uploads\/2023\/03\/IMG_6081-scaled-1.jpg","width":2560,"height":1920,"caption":"Der neue H\u00fchnerstall ist fast fertig und wird ein wichtiger Bestandteil des Schulprojekts mit dem Kindergarten St. Marien. Die Vorfreude auf die H\u00fchner ist gro\u00df."},{"@type":"BreadcrumbList","@id":"https:\/\/gs-hude-sued.de\/neuer-huehnerstall\/#breadcrumb","itemListElement":[{"@type":"ListItem","position":1,"name":"Startseite","item":"https:\/\/gs-hude-sued.de\/"},{"@type":"ListItem","position":2,"name":"Neuer H\u00fchnerstall"}]},{"@type":"WebSite","@id":"https:\/\/gs-hude-sued.de\/#website","url":"https:\/\/gs-hude-sued.de\/","name":"Hude G\u00fcney \u0130lkokulu","description":"Hude-S\u00fcd \u0130lkokulu \u2013 Gelecek i\u00e7in birlikte g\u00fc\u00e7l\u00fcy\u00fcz.","potentialAction":[{"@type":"SearchAction","target":{"@type":"EntryPoint","urlTemplate":"https:\/\/gs-hude-sued.de\/?s={search_term_string}"},"query-input":{"@type":"PropertyValueSpecification","valueRequired":true,"valueName":"search_term_string"}}],"inLanguage":"tr"},{"@type":"Person","@id":"https:\/\/gs-hude-sued.de\/#\/schema\/person\/a4322c6efb545b2385d4f2e1bdbd1b15","name":"Hude G\u00fcney \u0130lkokulu","url":"https:\/\/gs-hude-sued.de\/tr\/author\/gundschule\/"}]}},"_links":{"self":[{"href":"https:\/\/gs-hude-sued.de\/tr\/wp-json\/wp\/v2\/posts\/5754","targetHints":{"allow":["GET"]}}],"collection":[{"href":"https:\/\/gs-hude-sued.de\/tr\/wp-json\/wp\/v2\/posts"}],"about":[{"href":"https:\/\/gs-hude-sued.de\/tr\/wp-json\/wp\/v2\/types\/post"}],"author":[{"embeddable":true,"href":"https:\/\/gs-hude-sued.de\/tr\/wp-json\/wp\/v2\/users\/2"}],"replies":[{"embeddable":true,"href":"https:\/\/gs-hude-sued.de\/tr\/wp-json\/wp\/v2\/comments?post=5754"}],"version-history":[{"count":2,"href":"https:\/\/gs-hude-sued.de\/tr\/wp-json\/wp\/v2\/posts\/5754\/revisions"}],"predecessor-version":[{"id":239923,"href":"https:\/\/gs-hude-sued.de\/tr\/wp-json\/wp\/v2\/posts\/5754\/revisions\/239923"}],"wp:featuredmedia":[{"embeddable":true,"href":"https:\/\/gs-hude-sued.de\/tr\/wp-json\/wp\/v2\/media\/5755"}],"wp:attachment":[{"href":"https:\/\/gs-hude-sued.de\/tr\/wp-json\/wp\/v2\/media?parent=5754"}],"wp:term":[{"taxonomy":"category","embeddable":true,"href":"https:\/\/gs-hude-sued.de\/tr\/wp-json\/wp\/v2\/categories?post=5754"},{"taxonomy":"post_tag","embeddable":true,"href":"https:\/\/gs-hude-sued.de\/tr\/wp-json\/wp\/v2\/tags?post=5754"}],"curies":[{"name":"wp","href":"https:\/\/api.w.org\/{rel}","templated":true}]}}