{"id":5866,"date":"2024-08-11T19:58:55","date_gmt":"2024-08-11T17:58:55","guid":{"rendered":"https:\/\/wp.gs-hude-sued.de\/?p=5866"},"modified":"2025-10-04T08:47:58","modified_gmt":"2025-10-04T06:47:58","slug":"school-starts","status":"publish","type":"post","link":"https:\/\/gs-hude-sued.de\/en\/school-starts\/","title":{"rendered":"School starts!"},"content":{"rendered":"<p>We welcome all first-graders to Hude-S\u00fcd Primary School! <\/p>\n\n\n\n<p>We wish you wonderful first days of school with many wonderful and exciting experiences. <\/p>","protected":false},"excerpt":{"rendered":"<p>We welcome all first-graders to Hude-S\u00fcd Elementary School! We wish you wonderful first days of school with many wonderful and exciting experiences.<\/p>","protected":false},"author":2,"featured_media":5867,"comment_status":"open","ping_status":"open","sticky":false,"template":"","format":"standard","meta":{"_acf_changed":false,"_et_pb_use_builder":"","_et_pb_old_content":"","_et_gb_content_width":"","footnotes":""},"categories":[1],"tags":[],"class_list":["post-5866","post","type-post","status-publish","format-standard","has-post-thumbnail","hentry","category-uncategorized"],"acf":[],"yoast_head":"<!-- This site is optimized with the Yoast SEO Premium plugin v26.0 (Yoast SEO v27.0) - https:\/\/yoast.com\/product\/yoast-seo-premium-wordpress\/ -->\n<title>Die Schule geht los! - Grundschule Hude S\u00fcd<\/title>\n<meta name=\"robots\" content=\"index, follow, max-snippet:-1, max-image-preview:large, max-video-preview:-1\" \/>\n<link rel=\"canonical\" href=\"https:\/\/gs-hude-sued.de\/en\/school-starts\/\" \/>\n<meta property=\"og:locale\" content=\"en_GB\" \/>\n<meta property=\"og:type\" content=\"article\" \/>\n<meta property=\"og:title\" content=\"Die Schule geht los!\" \/>\n<meta property=\"og:description\" content=\"Wir begr\u00fc\u00dfen alle Erstkl\u00e4sslerinnen und Erstkl\u00e4ssler an der Grundschule Hude-S\u00fcd! Wir w\u00fcnschen euch tolle erste Schultage mit vielen sch\u00f6nen und aufregenden Erlebnissen.\" \/>\n<meta property=\"og:url\" content=\"https:\/\/gs-hude-sued.de\/en\/school-starts\/\" \/>\n<meta property=\"og:site_name\" content=\"Grundschule Hude S\u00fcd\" \/>\n<meta property=\"article:published_time\" content=\"2024-08-11T17:58:55+00:00\" \/>\n<meta property=\"article:modified_time\" content=\"2025-10-04T06:47:58+00:00\" \/>\n<meta property=\"og:image\" content=\"https:\/\/gs-hude-sued.de\/wp-content\/uploads\/2024\/08\/school-964138_1280.jpg\" \/>\n\t<meta property=\"og:image:width\" content=\"1280\" \/>\n\t<meta property=\"og:image:height\" content=\"904\" \/>\n\t<meta property=\"og:image:type\" content=\"image\/jpeg\" \/>\n<meta name=\"author\" content=\"Gundschule Hude S\u00fcd\" \/>\n<meta name=\"twitter:card\" content=\"summary_large_image\" \/>\n<meta name=\"twitter:label1\" content=\"Written by\" \/>\n\t<meta name=\"twitter:data1\" content=\"Gundschule Hude S\u00fcd\" \/>\n\t<meta name=\"twitter:label2\" content=\"Estimated reading time\" \/>\n\t<meta name=\"twitter:data2\" content=\"1 minute\" \/>\n<script type=\"application\/ld+json\" class=\"yoast-schema-graph\">{\"@context\":\"https:\/\/schema.org\",\"@graph\":[{\"@type\":\"Article\",\"@id\":\"https:\/\/gs-hude-sued.de\/die-schule-geht-los\/#article\",\"isPartOf\":{\"@id\":\"https:\/\/gs-hude-sued.de\/die-schule-geht-los\/\"},\"author\":{\"name\":\"Gundschule Hude S\u00fcd\",\"@id\":\"https:\/\/gs-hude-sued.de\/#\/schema\/person\/a4322c6efb545b2385d4f2e1bdbd1b15\"},\"headline\":\"Die Schule geht los!\",\"datePublished\":\"2024-08-11T17:58:55+00:00\",\"dateModified\":\"2025-10-04T06:47:58+00:00\",\"mainEntityOfPage\":{\"@id\":\"https:\/\/gs-hude-sued.de\/die-schule-geht-los\/\"},\"wordCount\":32,\"commentCount\":0,\"image\":{\"@id\":\"https:\/\/gs-hude-sued.de\/die-schule-geht-los\/#primaryimage\"},\"thumbnailUrl\":\"https:\/\/gs-hude-sued.de\/wp-content\/uploads\/2024\/08\/school-964138_1280.jpg\",\"articleSection\":[\"Uncategorized\"],\"inLanguage\":\"en-GB\",\"potentialAction\":[{\"@type\":\"CommentAction\",\"name\":\"Comment\",\"target\":[\"https:\/\/gs-hude-sued.de\/die-schule-geht-los\/#respond\"]}]},{\"@type\":\"WebPage\",\"@id\":\"https:\/\/gs-hude-sued.de\/die-schule-geht-los\/\",\"url\":\"https:\/\/gs-hude-sued.de\/die-schule-geht-los\/\",\"name\":\"Die Schule geht los! - Grundschule Hude S\u00fcd\",\"isPartOf\":{\"@id\":\"https:\/\/gs-hude-sued.de\/#website\"},\"primaryImageOfPage\":{\"@id\":\"https:\/\/gs-hude-sued.de\/die-schule-geht-los\/#primaryimage\"},\"image\":{\"@id\":\"https:\/\/gs-hude-sued.de\/die-schule-geht-los\/#primaryimage\"},\"thumbnailUrl\":\"https:\/\/gs-hude-sued.de\/wp-content\/uploads\/2024\/08\/school-964138_1280.jpg\",\"datePublished\":\"2024-08-11T17:58:55+00:00\",\"dateModified\":\"2025-10-04T06:47:58+00:00\",\"author\":{\"@id\":\"https:\/\/gs-hude-sued.de\/#\/schema\/person\/a4322c6efb545b2385d4f2e1bdbd1b15\"},\"breadcrumb\":{\"@id\":\"https:\/\/gs-hude-sued.de\/die-schule-geht-los\/#breadcrumb\"},\"inLanguage\":\"en-GB\",\"potentialAction\":[{\"@type\":\"ReadAction\",\"target\":[\"https:\/\/gs-hude-sued.de\/die-schule-geht-los\/\"]}]},{\"@type\":\"ImageObject\",\"inLanguage\":\"en-GB\",\"@id\":\"https:\/\/gs-hude-sued.de\/die-schule-geht-los\/#primaryimage\",\"url\":\"https:\/\/gs-hude-sued.de\/wp-content\/uploads\/2024\/08\/school-964138_1280.jpg\",\"contentUrl\":\"https:\/\/gs-hude-sued.de\/wp-content\/uploads\/2024\/08\/school-964138_1280.jpg\",\"width\":1280,\"height\":904,\"caption\":\"Das Schild zeigt deutlich den Fokus auf schulische Bildung. Mit der Entfernung des Begriffs 'Kindergarten' wird der Beginn des Schuljahres signalisiert.\"},{\"@type\":\"BreadcrumbList\",\"@id\":\"https:\/\/gs-hude-sued.de\/die-schule-geht-los\/#breadcrumb\",\"itemListElement\":[{\"@type\":\"ListItem\",\"position\":1,\"name\":\"Startseite\",\"item\":\"https:\/\/gs-hude-sued.de\/\"},{\"@type\":\"ListItem\",\"position\":2,\"name\":\"Die Schule geht los!\"}]},{\"@type\":\"WebSite\",\"@id\":\"https:\/\/gs-hude-sued.de\/#website\",\"url\":\"https:\/\/gs-hude-sued.de\/\",\"name\":\"Grundschule Hude S\u00fcd\",\"description\":\"Grundschule Hude-S\u00fcd \u2013 Miteinander stark f\u00fcr die Zukunft.\",\"potentialAction\":[{\"@type\":\"SearchAction\",\"target\":{\"@type\":\"EntryPoint\",\"urlTemplate\":\"https:\/\/gs-hude-sued.de\/?s={search_term_string}\"},\"query-input\":{\"@type\":\"PropertyValueSpecification\",\"valueRequired\":true,\"valueName\":\"search_term_string\"}}],\"inLanguage\":\"en-GB\"},{\"@type\":\"Person\",\"@id\":\"https:\/\/gs-hude-sued.de\/#\/schema\/person\/a4322c6efb545b2385d4f2e1bdbd1b15\",\"name\":\"Gundschule Hude S\u00fcd\",\"url\":\"https:\/\/gs-hude-sued.de\/en\/author\/gundschule\/\"}]}<\/script>\n<!-- \/ Yoast SEO Premium plugin. -->","yoast_head_json":{"title":"School starts! - Hude South Elementary School","robots":{"index":"index","follow":"follow","max-snippet":"max-snippet:-1","max-image-preview":"max-image-preview:large","max-video-preview":"max-video-preview:-1"},"canonical":"https:\/\/gs-hude-sued.de\/en\/school-starts\/","og_locale":"en_GB","og_type":"article","og_title":"Die Schule geht los!","og_description":"Wir begr\u00fc\u00dfen alle Erstkl\u00e4sslerinnen und Erstkl\u00e4ssler an der Grundschule Hude-S\u00fcd! Wir w\u00fcnschen euch tolle erste Schultage mit vielen sch\u00f6nen und aufregenden Erlebnissen.","og_url":"https:\/\/gs-hude-sued.de\/en\/school-starts\/","og_site_name":"Grundschule Hude S\u00fcd","article_published_time":"2024-08-11T17:58:55+00:00","article_modified_time":"2025-10-04T06:47:58+00:00","og_image":[{"width":1280,"height":904,"url":"https:\/\/gs-hude-sued.de\/wp-content\/uploads\/2024\/08\/school-964138_1280.jpg","type":"image\/jpeg"}],"author":"Gundschule Hude S\u00fcd","twitter_card":"summary_large_image","twitter_misc":{"Written by":"Gundschule Hude S\u00fcd","Estimated reading time":"1 minute"},"schema":{"@context":"https:\/\/schema.org","@graph":[{"@type":"Article","@id":"https:\/\/gs-hude-sued.de\/die-schule-geht-los\/#article","isPartOf":{"@id":"https:\/\/gs-hude-sued.de\/die-schule-geht-los\/"},"author":{"name":"Gundschule Hude S\u00fcd","@id":"https:\/\/gs-hude-sued.de\/#\/schema\/person\/a4322c6efb545b2385d4f2e1bdbd1b15"},"headline":"Die Schule geht los!","datePublished":"2024-08-11T17:58:55+00:00","dateModified":"2025-10-04T06:47:58+00:00","mainEntityOfPage":{"@id":"https:\/\/gs-hude-sued.de\/die-schule-geht-los\/"},"wordCount":32,"commentCount":0,"image":{"@id":"https:\/\/gs-hude-sued.de\/die-schule-geht-los\/#primaryimage"},"thumbnailUrl":"https:\/\/gs-hude-sued.de\/wp-content\/uploads\/2024\/08\/school-964138_1280.jpg","articleSection":["Uncategorized"],"inLanguage":"en-GB","potentialAction":[{"@type":"CommentAction","name":"Comment","target":["https:\/\/gs-hude-sued.de\/die-schule-geht-los\/#respond"]}]},{"@type":"WebPage","@id":"https:\/\/gs-hude-sued.de\/die-schule-geht-los\/","url":"https:\/\/gs-hude-sued.de\/die-schule-geht-los\/","name":"School starts! - Hude South Elementary School","isPartOf":{"@id":"https:\/\/gs-hude-sued.de\/#website"},"primaryImageOfPage":{"@id":"https:\/\/gs-hude-sued.de\/die-schule-geht-los\/#primaryimage"},"image":{"@id":"https:\/\/gs-hude-sued.de\/die-schule-geht-los\/#primaryimage"},"thumbnailUrl":"https:\/\/gs-hude-sued.de\/wp-content\/uploads\/2024\/08\/school-964138_1280.jpg","datePublished":"2024-08-11T17:58:55+00:00","dateModified":"2025-10-04T06:47:58+00:00","author":{"@id":"https:\/\/gs-hude-sued.de\/#\/schema\/person\/a4322c6efb545b2385d4f2e1bdbd1b15"},"breadcrumb":{"@id":"https:\/\/gs-hude-sued.de\/die-schule-geht-los\/#breadcrumb"},"inLanguage":"en-GB","potentialAction":[{"@type":"ReadAction","target":["https:\/\/gs-hude-sued.de\/die-schule-geht-los\/"]}]},{"@type":"ImageObject","inLanguage":"en-GB","@id":"https:\/\/gs-hude-sued.de\/die-schule-geht-los\/#primaryimage","url":"https:\/\/gs-hude-sued.de\/wp-content\/uploads\/2024\/08\/school-964138_1280.jpg","contentUrl":"https:\/\/gs-hude-sued.de\/wp-content\/uploads\/2024\/08\/school-964138_1280.jpg","width":1280,"height":904,"caption":"Das Schild zeigt deutlich den Fokus auf schulische Bildung. Mit der Entfernung des Begriffs 'Kindergarten' wird der Beginn des Schuljahres signalisiert."},{"@type":"BreadcrumbList","@id":"https:\/\/gs-hude-sued.de\/die-schule-geht-los\/#breadcrumb","itemListElement":[{"@type":"ListItem","position":1,"name":"Startseite","item":"https:\/\/gs-hude-sued.de\/"},{"@type":"ListItem","position":2,"name":"Die Schule geht los!"}]},{"@type":"WebSite","@id":"https:\/\/gs-hude-sued.de\/#website","url":"https:\/\/gs-hude-sued.de\/","name":"Hude South Primary School","description":"Hude-S\u00fcd Primary School \u2013 Strong together for the future.","potentialAction":[{"@type":"SearchAction","target":{"@type":"EntryPoint","urlTemplate":"https:\/\/gs-hude-sued.de\/?s={search_term_string}"},"query-input":{"@type":"PropertyValueSpecification","valueRequired":true,"valueName":"search_term_string"}}],"inLanguage":"en-GB"},{"@type":"Person","@id":"https:\/\/gs-hude-sued.de\/#\/schema\/person\/a4322c6efb545b2385d4f2e1bdbd1b15","name":"Hude South Primary School","url":"https:\/\/gs-hude-sued.de\/en\/author\/gundschule\/"}]}},"_links":{"self":[{"href":"https:\/\/gs-hude-sued.de\/en\/wp-json\/wp\/v2\/posts\/5866","targetHints":{"allow":["GET"]}}],"collection":[{"href":"https:\/\/gs-hude-sued.de\/en\/wp-json\/wp\/v2\/posts"}],"about":[{"href":"https:\/\/gs-hude-sued.de\/en\/wp-json\/wp\/v2\/types\/post"}],"author":[{"embeddable":true,"href":"https:\/\/gs-hude-sued.de\/en\/wp-json\/wp\/v2\/users\/2"}],"replies":[{"embeddable":true,"href":"https:\/\/gs-hude-sued.de\/en\/wp-json\/wp\/v2\/comments?post=5866"}],"version-history":[{"count":1,"href":"https:\/\/gs-hude-sued.de\/en\/wp-json\/wp\/v2\/posts\/5866\/revisions"}],"predecessor-version":[{"id":239917,"href":"https:\/\/gs-hude-sued.de\/en\/wp-json\/wp\/v2\/posts\/5866\/revisions\/239917"}],"wp:featuredmedia":[{"embeddable":true,"href":"https:\/\/gs-hude-sued.de\/en\/wp-json\/wp\/v2\/media\/5867"}],"wp:attachment":[{"href":"https:\/\/gs-hude-sued.de\/en\/wp-json\/wp\/v2\/media?parent=5866"}],"wp:term":[{"taxonomy":"category","embeddable":true,"href":"https:\/\/gs-hude-sued.de\/en\/wp-json\/wp\/v2\/categories?post=5866"},{"taxonomy":"post_tag","embeddable":true,"href":"https:\/\/gs-hude-sued.de\/en\/wp-json\/wp\/v2\/tags?post=5866"}],"curies":[{"name":"wp","href":"https:\/\/api.w.org\/{rel}","templated":true}]}}