{"id":5849,"date":"2024-01-23T11:33:16","date_gmt":"2024-01-23T10:33:16","guid":{"rendered":"https:\/\/wp.gs-hude-sued.de\/?p=5849"},"modified":"2024-01-23T11:33:16","modified_gmt":"2024-01-23T10:33:16","slug":"our-elementary-school-is-moving-into-the-container","status":"publish","type":"post","link":"https:\/\/gs-hude-sued.de\/en\/our-elementary-school-is-moving-into-the-container\/","title":{"rendered":"Our primary school is moving into the container"},"content":{"rendered":"<p>Due to contaminants in the ceiling of the upper floor of our school, extensive renovation work is underway. Seven classes at our school have therefore moved into a container. The container contains classrooms, breakout rooms, and restrooms for the students. The classrooms in the container are bright and equipped with air conditioning. Each classroom also has a breakout room, which, however, must be used as a cloakroom for fire safety reasons. Each classroom also has a digital whiteboard. <\/p>\n\n\n\n<p>The full article in the NWZ can be read at the following link. <\/p>\n\n\n\n<p><a href=\"https:\/\/www.nwzonline.de\/oldenburg-kreis\/schadstoffe-an-huder-schulen-grundschule-hude-sued-zieht-in-den-container_a_4,0,3983589865.html\">https:\/\/www.nwzonline.de\/oldenburg-kreis\/schadstoffe-an-huder-schulen-grundschule-hude-sued-zieht-in-den-container_a_4,0,3983589865.html<\/a><\/p>","protected":false},"excerpt":{"rendered":"<p>Wegen einer Schadstoffbelastung in der Decke des Obergeschosses unserer Schule, stehen umfangreiche Sanierungsarbeiten an. Sieben Klassen unserer Schule sind deshalb in einen Container gezogen. Der Container verf\u00fcgt \u00fcber Klassenr\u00e4ume, Gruppenr\u00e4ume und Toiletten f\u00fcr die Sch\u00fclerinnen und Sch\u00fcler. Die Klassenr\u00e4ume im Container sind hell und mit einer Klimaanlage ausgestattet. Au\u00dferdem hat jeder Klassenraum einen Gruppenraum, der [&hellip;]<\/p>\n","protected":false},"author":2,"featured_media":0,"comment_status":"closed","ping_status":"closed","sticky":false,"template":"","format":"standard","meta":{"_acf_changed":false,"_et_pb_use_builder":"","_et_pb_old_content":"","_et_gb_content_width":"","footnotes":""},"categories":[1],"tags":[],"class_list":["post-5849","post","type-post","status-publish","format-standard","hentry","category-uncategorized"],"acf":[],"yoast_head":"<!-- This site is optimized with the Yoast SEO Premium plugin v26.0 (Yoast SEO v27.0) - https:\/\/yoast.com\/product\/yoast-seo-premium-wordpress\/ -->\n<title>Unsere Grundschule zieht in den Container - Grundschule Hude S\u00fcd<\/title>\n<meta name=\"robots\" content=\"index, follow, max-snippet:-1, max-image-preview:large, max-video-preview:-1\" \/>\n<link rel=\"canonical\" href=\"https:\/\/gs-hude-sued.de\/en\/our-elementary-school-is-moving-into-the-container\/\" \/>\n<meta property=\"og:locale\" content=\"en_GB\" \/>\n<meta property=\"og:type\" content=\"article\" \/>\n<meta property=\"og:title\" content=\"Unsere Grundschule zieht in den Container\" \/>\n<meta property=\"og:description\" content=\"Wegen einer Schadstoffbelastung in der Decke des Obergeschosses unserer Schule, stehen umfangreiche Sanierungsarbeiten an. Sieben Klassen unserer Schule sind deshalb in einen Container gezogen. Der Container verf\u00fcgt \u00fcber Klassenr\u00e4ume, Gruppenr\u00e4ume und Toiletten f\u00fcr die Sch\u00fclerinnen und Sch\u00fcler. Die Klassenr\u00e4ume im Container sind hell und mit einer Klimaanlage ausgestattet. Au\u00dferdem hat jeder Klassenraum einen Gruppenraum, der [&hellip;]\" \/>\n<meta property=\"og:url\" content=\"https:\/\/gs-hude-sued.de\/en\/our-elementary-school-is-moving-into-the-container\/\" \/>\n<meta property=\"og:site_name\" content=\"Grundschule Hude S\u00fcd\" \/>\n<meta property=\"article:published_time\" content=\"2024-01-23T10:33:16+00:00\" \/>\n<meta name=\"author\" content=\"Gundschule Hude S\u00fcd\" \/>\n<meta name=\"twitter:card\" content=\"summary_large_image\" \/>\n<meta name=\"twitter:label1\" content=\"Written by\" \/>\n\t<meta name=\"twitter:data1\" content=\"Gundschule Hude S\u00fcd\" \/>\n\t<meta name=\"twitter:label2\" content=\"Estimated reading time\" \/>\n\t<meta name=\"twitter:data2\" content=\"1 minute\" \/>\n<script type=\"application\/ld+json\" class=\"yoast-schema-graph\">{\"@context\":\"https:\/\/schema.org\",\"@graph\":[{\"@type\":\"Article\",\"@id\":\"https:\/\/gs-hude-sued.de\/unsere-grundschule-zieht-in-den-container\/#article\",\"isPartOf\":{\"@id\":\"https:\/\/gs-hude-sued.de\/unsere-grundschule-zieht-in-den-container\/\"},\"author\":{\"name\":\"Gundschule Hude S\u00fcd\",\"@id\":\"https:\/\/gs-hude-sued.de\/#\/schema\/person\/a4322c6efb545b2385d4f2e1bdbd1b15\"},\"headline\":\"Unsere Grundschule zieht in den Container\",\"datePublished\":\"2024-01-23T10:33:16+00:00\",\"mainEntityOfPage\":{\"@id\":\"https:\/\/gs-hude-sued.de\/unsere-grundschule-zieht-in-den-container\/\"},\"wordCount\":108,\"articleSection\":[\"Uncategorized\"],\"inLanguage\":\"en-GB\"},{\"@type\":\"WebPage\",\"@id\":\"https:\/\/gs-hude-sued.de\/unsere-grundschule-zieht-in-den-container\/\",\"url\":\"https:\/\/gs-hude-sued.de\/unsere-grundschule-zieht-in-den-container\/\",\"name\":\"Unsere Grundschule zieht in den Container - Grundschule Hude S\u00fcd\",\"isPartOf\":{\"@id\":\"https:\/\/gs-hude-sued.de\/#website\"},\"datePublished\":\"2024-01-23T10:33:16+00:00\",\"author\":{\"@id\":\"https:\/\/gs-hude-sued.de\/#\/schema\/person\/a4322c6efb545b2385d4f2e1bdbd1b15\"},\"breadcrumb\":{\"@id\":\"https:\/\/gs-hude-sued.de\/unsere-grundschule-zieht-in-den-container\/#breadcrumb\"},\"inLanguage\":\"en-GB\",\"potentialAction\":[{\"@type\":\"ReadAction\",\"target\":[\"https:\/\/gs-hude-sued.de\/unsere-grundschule-zieht-in-den-container\/\"]}]},{\"@type\":\"BreadcrumbList\",\"@id\":\"https:\/\/gs-hude-sued.de\/unsere-grundschule-zieht-in-den-container\/#breadcrumb\",\"itemListElement\":[{\"@type\":\"ListItem\",\"position\":1,\"name\":\"Startseite\",\"item\":\"https:\/\/gs-hude-sued.de\/\"},{\"@type\":\"ListItem\",\"position\":2,\"name\":\"Unsere Grundschule zieht in den Container\"}]},{\"@type\":\"WebSite\",\"@id\":\"https:\/\/gs-hude-sued.de\/#website\",\"url\":\"https:\/\/gs-hude-sued.de\/\",\"name\":\"Grundschule Hude S\u00fcd\",\"description\":\"Grundschule Hude-S\u00fcd \u2013 Miteinander stark f\u00fcr die Zukunft.\",\"potentialAction\":[{\"@type\":\"SearchAction\",\"target\":{\"@type\":\"EntryPoint\",\"urlTemplate\":\"https:\/\/gs-hude-sued.de\/?s={search_term_string}\"},\"query-input\":{\"@type\":\"PropertyValueSpecification\",\"valueRequired\":true,\"valueName\":\"search_term_string\"}}],\"inLanguage\":\"en-GB\"},{\"@type\":\"Person\",\"@id\":\"https:\/\/gs-hude-sued.de\/#\/schema\/person\/a4322c6efb545b2385d4f2e1bdbd1b15\",\"name\":\"Gundschule Hude S\u00fcd\",\"url\":\"https:\/\/gs-hude-sued.de\/en\/author\/gundschule\/\"}]}<\/script>\n<!-- \/ Yoast SEO Premium plugin. -->","yoast_head_json":{"title":"Our primary school is moving into a container - Hude S\u00fcd Primary School","robots":{"index":"index","follow":"follow","max-snippet":"max-snippet:-1","max-image-preview":"max-image-preview:large","max-video-preview":"max-video-preview:-1"},"canonical":"https:\/\/gs-hude-sued.de\/en\/our-elementary-school-is-moving-into-the-container\/","og_locale":"en_GB","og_type":"article","og_title":"Unsere Grundschule zieht in den Container","og_description":"Wegen einer Schadstoffbelastung in der Decke des Obergeschosses unserer Schule, stehen umfangreiche Sanierungsarbeiten an. Sieben Klassen unserer Schule sind deshalb in einen Container gezogen. Der Container verf\u00fcgt \u00fcber Klassenr\u00e4ume, Gruppenr\u00e4ume und Toiletten f\u00fcr die Sch\u00fclerinnen und Sch\u00fcler. Die Klassenr\u00e4ume im Container sind hell und mit einer Klimaanlage ausgestattet. Au\u00dferdem hat jeder Klassenraum einen Gruppenraum, der [&hellip;]","og_url":"https:\/\/gs-hude-sued.de\/en\/our-elementary-school-is-moving-into-the-container\/","og_site_name":"Grundschule Hude S\u00fcd","article_published_time":"2024-01-23T10:33:16+00:00","author":"Gundschule Hude S\u00fcd","twitter_card":"summary_large_image","twitter_misc":{"Written by":"Gundschule Hude S\u00fcd","Estimated reading time":"1 minute"},"schema":{"@context":"https:\/\/schema.org","@graph":[{"@type":"Article","@id":"https:\/\/gs-hude-sued.de\/unsere-grundschule-zieht-in-den-container\/#article","isPartOf":{"@id":"https:\/\/gs-hude-sued.de\/unsere-grundschule-zieht-in-den-container\/"},"author":{"name":"Gundschule Hude S\u00fcd","@id":"https:\/\/gs-hude-sued.de\/#\/schema\/person\/a4322c6efb545b2385d4f2e1bdbd1b15"},"headline":"Unsere Grundschule zieht in den Container","datePublished":"2024-01-23T10:33:16+00:00","mainEntityOfPage":{"@id":"https:\/\/gs-hude-sued.de\/unsere-grundschule-zieht-in-den-container\/"},"wordCount":108,"articleSection":["Uncategorized"],"inLanguage":"en-GB"},{"@type":"WebPage","@id":"https:\/\/gs-hude-sued.de\/unsere-grundschule-zieht-in-den-container\/","url":"https:\/\/gs-hude-sued.de\/unsere-grundschule-zieht-in-den-container\/","name":"Our primary school is moving into a container - Hude S\u00fcd Primary School","isPartOf":{"@id":"https:\/\/gs-hude-sued.de\/#website"},"datePublished":"2024-01-23T10:33:16+00:00","author":{"@id":"https:\/\/gs-hude-sued.de\/#\/schema\/person\/a4322c6efb545b2385d4f2e1bdbd1b15"},"breadcrumb":{"@id":"https:\/\/gs-hude-sued.de\/unsere-grundschule-zieht-in-den-container\/#breadcrumb"},"inLanguage":"en-GB","potentialAction":[{"@type":"ReadAction","target":["https:\/\/gs-hude-sued.de\/unsere-grundschule-zieht-in-den-container\/"]}]},{"@type":"BreadcrumbList","@id":"https:\/\/gs-hude-sued.de\/unsere-grundschule-zieht-in-den-container\/#breadcrumb","itemListElement":[{"@type":"ListItem","position":1,"name":"Startseite","item":"https:\/\/gs-hude-sued.de\/"},{"@type":"ListItem","position":2,"name":"Unsere Grundschule zieht in den Container"}]},{"@type":"WebSite","@id":"https:\/\/gs-hude-sued.de\/#website","url":"https:\/\/gs-hude-sued.de\/","name":"Hude South Primary School","description":"Hude-S\u00fcd Primary School \u2013 Strong together for the future.","potentialAction":[{"@type":"SearchAction","target":{"@type":"EntryPoint","urlTemplate":"https:\/\/gs-hude-sued.de\/?s={search_term_string}"},"query-input":{"@type":"PropertyValueSpecification","valueRequired":true,"valueName":"search_term_string"}}],"inLanguage":"en-GB"},{"@type":"Person","@id":"https:\/\/gs-hude-sued.de\/#\/schema\/person\/a4322c6efb545b2385d4f2e1bdbd1b15","name":"Hude South Primary School","url":"https:\/\/gs-hude-sued.de\/en\/author\/gundschule\/"}]}},"_links":{"self":[{"href":"https:\/\/gs-hude-sued.de\/en\/wp-json\/wp\/v2\/posts\/5849","targetHints":{"allow":["GET"]}}],"collection":[{"href":"https:\/\/gs-hude-sued.de\/en\/wp-json\/wp\/v2\/posts"}],"about":[{"href":"https:\/\/gs-hude-sued.de\/en\/wp-json\/wp\/v2\/types\/post"}],"author":[{"embeddable":true,"href":"https:\/\/gs-hude-sued.de\/en\/wp-json\/wp\/v2\/users\/2"}],"replies":[{"embeddable":true,"href":"https:\/\/gs-hude-sued.de\/en\/wp-json\/wp\/v2\/comments?post=5849"}],"version-history":[{"count":0,"href":"https:\/\/gs-hude-sued.de\/en\/wp-json\/wp\/v2\/posts\/5849\/revisions"}],"wp:attachment":[{"href":"https:\/\/gs-hude-sued.de\/en\/wp-json\/wp\/v2\/media?parent=5849"}],"wp:term":[{"taxonomy":"category","embeddable":true,"href":"https:\/\/gs-hude-sued.de\/en\/wp-json\/wp\/v2\/categories?post=5849"},{"taxonomy":"post_tag","embeddable":true,"href":"https:\/\/gs-hude-sued.de\/en\/wp-json\/wp\/v2\/tags?post=5849"}],"curies":[{"name":"wp","href":"https:\/\/api.w.org\/{rel}","templated":true}]}}